{"id":43,"date":"2022-04-27T12:28:12","date_gmt":"2022-04-27T12:28:12","guid":{"rendered":"https:\/\/marcvicens.com\/?p=43"},"modified":"2023-03-28T10:14:49","modified_gmt":"2023-03-28T10:14:49","slug":"8","status":"publish","type":"post","link":"https:\/\/marcvicens.com\/?p=43","title":{"rendered":"Esperant el n\u00favol \/ C\u00f2mic"},"content":{"rendered":"\n<figure class=\"wp-block-image size-large\"><img loading=\"lazy\" decoding=\"async\" width=\"1024\" height=\"737\" src=\"https:\/\/marcvicens.com\/wp-content\/uploads\/2023\/03\/nuvol-interior-10-11-2-1024x737.jpg\" alt=\"\" class=\"wp-image-151\" srcset=\"https:\/\/marcvicens.com\/wp-content\/uploads\/2023\/03\/nuvol-interior-10-11-2-1024x737.jpg 1024w, https:\/\/marcvicens.com\/wp-content\/uploads\/2023\/03\/nuvol-interior-10-11-2-300x216.jpg 300w, https:\/\/marcvicens.com\/wp-content\/uploads\/2023\/03\/nuvol-interior-10-11-2-768x552.jpg 768w, https:\/\/marcvicens.com\/wp-content\/uploads\/2023\/03\/nuvol-interior-10-11-2-1536x1105.jpg 1536w, https:\/\/marcvicens.com\/wp-content\/uploads\/2023\/03\/nuvol-interior-10-11-2-2048x1473.jpg 2048w, https:\/\/marcvicens.com\/wp-content\/uploads\/2023\/03\/nuvol-interior-10-11-2-940x676.jpg 940w, https:\/\/marcvicens.com\/wp-content\/uploads\/2023\/03\/nuvol-interior-10-11-2-400x288.jpg 400w\" sizes=\"auto, (max-width: 1024px) 100vw, 1024px\" \/><\/figure>\n\n\n\n<figure class=\"wp-block-image size-large\"><img loading=\"lazy\" decoding=\"async\" width=\"1024\" height=\"736\" src=\"https:\/\/marcvicens.com\/wp-content\/uploads\/2023\/03\/nuvol-interior-20-21-1-1024x736.jpg\" alt=\"\" class=\"wp-image-152\" srcset=\"https:\/\/marcvicens.com\/wp-content\/uploads\/2023\/03\/nuvol-interior-20-21-1-1024x736.jpg 1024w, https:\/\/marcvicens.com\/wp-content\/uploads\/2023\/03\/nuvol-interior-20-21-1-300x216.jpg 300w, https:\/\/marcvicens.com\/wp-content\/uploads\/2023\/03\/nuvol-interior-20-21-1-768x552.jpg 768w, https:\/\/marcvicens.com\/wp-content\/uploads\/2023\/03\/nuvol-interior-20-21-1-1536x1104.jpg 1536w, https:\/\/marcvicens.com\/wp-content\/uploads\/2023\/03\/nuvol-interior-20-21-1-2048x1472.jpg 2048w, https:\/\/marcvicens.com\/wp-content\/uploads\/2023\/03\/nuvol-interior-20-21-1-940x676.jpg 940w, https:\/\/marcvicens.com\/wp-content\/uploads\/2023\/03\/nuvol-interior-20-21-1-400x288.jpg 400w\" sizes=\"auto, (max-width: 1024px) 100vw, 1024px\" \/><\/figure>\n\n\n\n<figure class=\"wp-block-image size-large\"><img loading=\"lazy\" decoding=\"async\" width=\"1024\" height=\"735\" src=\"https:\/\/marcvicens.com\/wp-content\/uploads\/2023\/03\/nuvol-interior-38-39-1-1024x735.jpg\" alt=\"\" class=\"wp-image-153\" srcset=\"https:\/\/marcvicens.com\/wp-content\/uploads\/2023\/03\/nuvol-interior-38-39-1-1024x735.jpg 1024w, https:\/\/marcvicens.com\/wp-content\/uploads\/2023\/03\/nuvol-interior-38-39-1-300x215.jpg 300w, https:\/\/marcvicens.com\/wp-content\/uploads\/2023\/03\/nuvol-interior-38-39-1-768x552.jpg 768w, https:\/\/marcvicens.com\/wp-content\/uploads\/2023\/03\/nuvol-interior-38-39-1-1536x1103.jpg 1536w, https:\/\/marcvicens.com\/wp-content\/uploads\/2023\/03\/nuvol-interior-38-39-1-2048x1471.jpg 2048w, https:\/\/marcvicens.com\/wp-content\/uploads\/2023\/03\/nuvol-interior-38-39-1-940x675.jpg 940w, https:\/\/marcvicens.com\/wp-content\/uploads\/2023\/03\/nuvol-interior-38-39-1-400x287.jpg 400w\" sizes=\"auto, (max-width: 1024px) 100vw, 1024px\" \/><\/figure>\n\n\n\n<figure class=\"wp-block-pullquote\"><blockquote><p>Cada tarda, quan es pon el sol,&nbsp;<br>el temps sembla aturar-se&nbsp;<br>en les mirades dels sahrau\u00eds.&nbsp;<br>mirades d&#8217;espera, de cansament, de nost\u00e0lgia. &nbsp;<br>per\u00f2 tamb\u00e9 s\u00f3n mirades d&#8217;esperan\u00e7a, d&#8217;il\u00b7lusi\u00f3,&nbsp;<br>de ganes de recuperar un temps perdut.&nbsp;<br><br>Com el qui espera un n\u00favol que porta la pluja,&nbsp;<br>una pluja necess\u00e0ria per a un poble&nbsp;<br>que li ha tocat viure en un dels llocs&nbsp;<br>m\u00e9s inh\u00f2spits de la Terra.<br> <\/p><\/blockquote><\/figure>\n\n\n\n<p class=\"wp-block-paragraph\">C\u00f2mic \/ 75 p\u00e0gines \/ Tapa dura \/ Editat per Edicions Vitel\u00b7la i Universitat de Girona (2021).<\/p>\n\n\n\n<p class=\"wp-block-paragraph\">ISBN: 978-84-120017-9-2<\/p>\n","protected":false},"excerpt":{"rendered":"<p>Cada tarda, quan es pon el sol,&nbsp;el temps sembla aturar-se&nbsp;en les mirades dels sahrau\u00eds.&nbsp;mirades d&#8217;espera, de cansament, de nost\u00e0lgia. &nbsp;per\u00f2 tamb\u00e9 s\u00f3n mirades d&#8217;esperan\u00e7a, d&#8217;il\u00b7lusi\u00f3,&nbsp;de ganes de recuperar un temps perdut.&nbsp; Com el qui espera un n\u00favol que porta la pluja,&nbsp;una pluja necess\u00e0ria per a un poble&nbsp;que li ha tocat viure en un dels llocs&nbsp;m\u00e9s&#46;&#46;&#46;<\/p>\n","protected":false},"author":1,"featured_media":141,"comment_status":"closed","ping_status":"closed","sticky":false,"template":"","format":"standard","meta":{"footnotes":""},"categories":[10],"tags":[],"class_list":["post-43","post","type-post","status-publish","format-standard","has-post-thumbnail","hentry","category-illustracio"],"_links":{"self":[{"href":"https:\/\/marcvicens.com\/index.php?rest_route=\/wp\/v2\/posts\/43","targetHints":{"allow":["GET"]}}],"collection":[{"href":"https:\/\/marcvicens.com\/index.php?rest_route=\/wp\/v2\/posts"}],"about":[{"href":"https:\/\/marcvicens.com\/index.php?rest_route=\/wp\/v2\/types\/post"}],"author":[{"embeddable":true,"href":"https:\/\/marcvicens.com\/index.php?rest_route=\/wp\/v2\/users\/1"}],"replies":[{"embeddable":true,"href":"https:\/\/marcvicens.com\/index.php?rest_route=%2Fwp%2Fv2%2Fcomments&post=43"}],"version-history":[{"count":14,"href":"https:\/\/marcvicens.com\/index.php?rest_route=\/wp\/v2\/posts\/43\/revisions"}],"predecessor-version":[{"id":161,"href":"https:\/\/marcvicens.com\/index.php?rest_route=\/wp\/v2\/posts\/43\/revisions\/161"}],"wp:featuredmedia":[{"embeddable":true,"href":"https:\/\/marcvicens.com\/index.php?rest_route=\/wp\/v2\/media\/141"}],"wp:attachment":[{"href":"https:\/\/marcvicens.com\/index.php?rest_route=%2Fwp%2Fv2%2Fmedia&parent=43"}],"wp:term":[{"taxonomy":"category","embeddable":true,"href":"https:\/\/marcvicens.com\/index.php?rest_route=%2Fwp%2Fv2%2Fcategories&post=43"},{"taxonomy":"post_tag","embeddable":true,"href":"https:\/\/marcvicens.com\/index.php?rest_route=%2Fwp%2Fv2%2Ftags&post=43"}],"curies":[{"name":"wp","href":"https:\/\/api.w.org\/{rel}","templated":true}]}}